{"id":7315,"date":"2026-09-03T10:44:35","date_gmt":"2026-09-03T13:44:35","guid":{"rendered":"https:\/\/cbblanca-bue.infd.edu.ar\/sitio\/?p=7315"},"modified":"2026-09-03T20:14:34","modified_gmt":"2026-09-03T23:14:34","slug":"musica-y-palabras","status":"publish","type":"post","link":"https:\/\/cbblanca-bue.infd.edu.ar\/sitio\/musica-y-palabras\/","title":{"rendered":"M\u00fasica y Palabras"},"content":{"rendered":"\n<p>Las c\u00e1tedras de Canto Popular FOBA 2 y de T\u00e9cnica de la Voz Hablada de 3er a\u00f1o de la Tecnicatura en Actuaci\u00f3n entrelazar\u00e1n los lenguajes para sumergirnos en historias a trav\u00e9s de la m\u00fasica y la palabra. <\/p>\n\n\n\n<p>\u00abLos y las esperamos.\u00bb<\/p>\n\n\n\n<p><strong>Lugar:  Escuela de Teatro, General Paz 250<\/strong><\/p>\n\n\n\n<p><strong>Fecha: 9 de Septiembre<\/strong><\/p>\n\n\n\n<p><strong>Hora 19:30<\/strong><\/p>\n","protected":false},"excerpt":{"rendered":"<p>Las c\u00e1tedras de Canto Popular FOBA 2 y de T\u00e9cnica de la Voz Hablada de 3er a\u00f1o de la Tecnicatura en Actuaci\u00f3n entrelazar\u00e1n los lenguajes para sumergirnos en historias a trav\u00e9s de la m\u00fasica y la palabra. \u00abLos y las esperamos.\u00bb Lugar: Escuela de Teatro, General Paz 250 Fecha: 9 de Septiembre Hora 19:30<\/p>\n","protected":false},"author":7456,"featured_media":7316,"comment_status":"open","ping_status":"open","sticky":true,"template":"","format":"standard","meta":[],"categories":[1],"tags":[],"acf":[],"_links":{"self":[{"href":"https:\/\/cbblanca-bue.infd.edu.ar\/sitio\/wp-json\/wp\/v2\/posts\/7315"}],"collection":[{"href":"https:\/\/cbblanca-bue.infd.edu.ar\/sitio\/wp-json\/wp\/v2\/posts"}],"about":[{"href":"https:\/\/cbblanca-bue.infd.edu.ar\/sitio\/wp-json\/wp\/v2\/types\/post"}],"author":[{"embeddable":true,"href":"https:\/\/cbblanca-bue.infd.edu.ar\/sitio\/wp-json\/wp\/v2\/users\/7456"}],"replies":[{"embeddable":true,"href":"https:\/\/cbblanca-bue.infd.edu.ar\/sitio\/wp-json\/wp\/v2\/comments?post=7315"}],"version-history":[{"count":2,"href":"https:\/\/cbblanca-bue.infd.edu.ar\/sitio\/wp-json\/wp\/v2\/posts\/7315\/revisions"}],"predecessor-version":[{"id":7318,"href":"https:\/\/cbblanca-bue.infd.edu.ar\/sitio\/wp-json\/wp\/v2\/posts\/7315\/revisions\/7318"}],"wp:featuredmedia":[{"embeddable":true,"href":"https:\/\/cbblanca-bue.infd.edu.ar\/sitio\/wp-json\/wp\/v2\/media\/7316"}],"wp:attachment":[{"href":"https:\/\/cbblanca-bue.infd.edu.ar\/sitio\/wp-json\/wp\/v2\/media?parent=7315"}],"wp:term":[{"taxonomy":"category","embeddable":true,"href":"https:\/\/cbblanca-bue.infd.edu.ar\/sitio\/wp-json\/wp\/v2\/categories?post=7315"},{"taxonomy":"post_tag","embeddable":true,"href":"https:\/\/cbblanca-bue.infd.edu.ar\/sitio\/wp-json\/wp\/v2\/tags?post=7315"}],"curies":[{"name":"wp","href":"https:\/\/api.w.org\/{rel}","templated":true}]}}