{"id":7294,"date":"2026-08-31T13:54:35","date_gmt":"2026-08-31T16:54:35","guid":{"rendered":"https:\/\/cbblanca-bue.infd.edu.ar\/sitio\/?p=7294"},"modified":"2026-08-31T13:57:25","modified_gmt":"2026-08-31T16:57:25","slug":"ciclo-de-conciertos-de-profesoras-es-y-musicos-invitados-elcaldero","status":"publish","type":"post","link":"https:\/\/cbblanca-bue.infd.edu.ar\/sitio\/ciclo-de-conciertos-de-profesoras-es-y-musicos-invitados-elcaldero\/","title":{"rendered":"CICLO DE CONCIERTOS DE PROFESORAS\/ES Y M\u00daSICOS INVITADOS"},"content":{"rendered":"\n<p>&#x1f3b6;<strong> EL CALDERO<\/strong><\/p>\n\n\n\n<p><strong>\u200bRoc\u00edo Migueles<\/strong> | saxo soprano<\/p>\n\n\n\n<p><strong>Nicol\u00e1s Leidi<\/strong> | saxo alto<\/p>\n\n\n\n<p><strong>Guillermo Garc\u00eda<\/strong> | saxo tenor<\/p>\n\n\n\n<p><strong>Andr\u00e9s Vigil Mendoza<\/strong> | saxo bar\u00edtono<\/p>\n\n\n\n<p>&#x1f3b6; <strong>El Caldero<\/strong> naci\u00f3 del <strong>encuentro entre docentes y m\u00fasicos<\/strong> que desde hace a\u00f1os comparten proyectos art\u00edsticos y educativos. La participaci\u00f3n en el<strong> Ensamble de Saxos del Conservatorio de M\u00fasica de Bah\u00eda Blanca<\/strong>, junto con una visi\u00f3n est\u00e9tica y pedag\u00f3gica af\u00edn, <strong>dio origen a este proyecto<\/strong>, que hoy busca difundir el repertorio argentino para cuarteto de saxofones a trav\u00e9s de conciertos y actividades culturales.\u200b<\/p>\n\n\n\n<p>Lejos de ser una formaci\u00f3n convencional, <strong>el cuarteto de saxofones ofrece una extraordinaria riqueza t\u00edmbrica <\/strong>y una gran <strong>versatilidad expresiva<\/strong>. Su equilibrio sonoro <strong>permite recorrer repertorios muy diversos<\/strong>, desde la m\u00fasica acad\u00e9mica hasta las expresiones m\u00e1s representativas de la m\u00fasica popular.<\/p>\n\n\n\n<p>\u200b<\/p>\n\n\n\n<p>En <strong>nuestra propuesta<\/strong>, ese potencial se pone al servicio de la <strong>m\u00fasica argentina<\/strong>. Obras originales y arreglos especialmente concebidos para esta formaci\u00f3n revelan <strong>nuevas perspectivas sobre compositores y g\u00e9neros<\/strong> que forman parte de nuestro patrimonio musical.<\/p>\n\n\n\n<p>Se compartir\u00e1n en esta oportunidad tangos de autores como Alfredo Gobbi, Horacio Salg\u00e1n, Juan de Dios Filiberto, Astor Piazzolla, Agust\u00edn Bardi, entre otros.<\/p>\n\n\n\n<p><strong>Ver la web: <\/strong><a href=\"https:\/\/www.rproduccionesculturales.com\/cuartetodesaxofoneselcaldero\">https:\/\/www.rproduccionesculturales.com\/cuartetodesaxofoneselcaldero<\/a><\/p>\n\n\n\n<p>\u00a1Te esperamos!<br>El Caldero &#8211; Cuarteto de Saxofones<br>Equipo Directivo y de Conducci\u00f3n CMBB<\/p>\n","protected":false},"excerpt":{"rendered":"<p>&#x1f3b6; EL CALDERO \u200bRoc\u00edo Migueles | saxo soprano Nicol\u00e1s Leidi | saxo alto Guillermo Garc\u00eda | saxo tenor Andr\u00e9s Vigil Mendoza | saxo bar\u00edtono &#x1f3b6; El Caldero naci\u00f3 del encuentro entre docentes y m\u00fasicos que desde hace a\u00f1os comparten proyectos art\u00edsticos y educativos. La participaci\u00f3n en el Ensamble de Saxos del Conservatorio de M\u00fasica de &#8230; <a title=\"CICLO DE CONCIERTOS DE PROFESORAS\/ES Y M\u00daSICOS INVITADOS\" class=\"read-more\" href=\"https:\/\/cbblanca-bue.infd.edu.ar\/sitio\/ciclo-de-conciertos-de-profesoras-es-y-musicos-invitados-elcaldero\/\" aria-label=\"More on CICLO DE CONCIERTOS DE PROFESORAS\/ES Y M\u00daSICOS INVITADOS\">[+]<\/a><\/p>\n","protected":false},"author":7698,"featured_media":7289,"comment_status":"closed","ping_status":"closed","sticky":true,"template":"","format":"standard","meta":[],"categories":[1],"tags":[],"acf":[],"_links":{"self":[{"href":"https:\/\/cbblanca-bue.infd.edu.ar\/sitio\/wp-json\/wp\/v2\/posts\/7294"}],"collection":[{"href":"https:\/\/cbblanca-bue.infd.edu.ar\/sitio\/wp-json\/wp\/v2\/posts"}],"about":[{"href":"https:\/\/cbblanca-bue.infd.edu.ar\/sitio\/wp-json\/wp\/v2\/types\/post"}],"author":[{"embeddable":true,"href":"https:\/\/cbblanca-bue.infd.edu.ar\/sitio\/wp-json\/wp\/v2\/users\/7698"}],"replies":[{"embeddable":true,"href":"https:\/\/cbblanca-bue.infd.edu.ar\/sitio\/wp-json\/wp\/v2\/comments?post=7294"}],"version-history":[{"count":1,"href":"https:\/\/cbblanca-bue.infd.edu.ar\/sitio\/wp-json\/wp\/v2\/posts\/7294\/revisions"}],"predecessor-version":[{"id":7295,"href":"https:\/\/cbblanca-bue.infd.edu.ar\/sitio\/wp-json\/wp\/v2\/posts\/7294\/revisions\/7295"}],"wp:featuredmedia":[{"embeddable":true,"href":"https:\/\/cbblanca-bue.infd.edu.ar\/sitio\/wp-json\/wp\/v2\/media\/7289"}],"wp:attachment":[{"href":"https:\/\/cbblanca-bue.infd.edu.ar\/sitio\/wp-json\/wp\/v2\/media?parent=7294"}],"wp:term":[{"taxonomy":"category","embeddable":true,"href":"https:\/\/cbblanca-bue.infd.edu.ar\/sitio\/wp-json\/wp\/v2\/categories?post=7294"},{"taxonomy":"post_tag","embeddable":true,"href":"https:\/\/cbblanca-bue.infd.edu.ar\/sitio\/wp-json\/wp\/v2\/tags?post=7294"}],"curies":[{"name":"wp","href":"https:\/\/api.w.org\/{rel}","templated":true}]}}