{"id":5134,"date":"2026-04-30T21:21:25","date_gmt":"2026-05-01T00:21:25","guid":{"rendered":"https:\/\/cbblanca-bue.infd.edu.ar\/sitio\/?p=5134"},"modified":"2026-04-30T21:43:52","modified_gmt":"2026-05-01T00:43:52","slug":"01-05-26-dia-internacional-de-las-trabajadoras-y-los-trabajadores","status":"publish","type":"post","link":"https:\/\/cbblanca-bue.infd.edu.ar\/sitio\/01-05-26-dia-internacional-de-las-trabajadoras-y-los-trabajadores\/","title":{"rendered":"1\u00b0 DE MAYO D\u00cdA INTERNACIONAL DE LAS TRABAJADORAS Y LOS TRABAJADORES"},"content":{"rendered":"<p>El 1\u00b0 de Mayo constituye una fecha sumamente importante porque se conmemora el D\u00eda Internacional de las Trabajadoras y los Trabajadores. Esta jornada hist\u00f3rica tiene dos particularidades que podemos destacar: su car\u00e1cter internacional, por un lado, dado que personas de diferentes etnias, religiones y nacionalidades adhieren a esta fecha en m\u00e1s de cien pa\u00edses en todo el mundo; por el otro lado, el hecho de haberse instaurado a partir de las luchas y las acciones de los pueblos.<\/p>\n<p>Se trata de una fecha de relevancia tanto por su sentido hist\u00f3rico como por las implicancias que tiene en la actualidad. Su conmemoraci\u00f3n tiene un significado especial porque recuerda una jornada de lucha hist\u00f3rica de las trabajadoras y los trabajadores en busca de lograr condiciones de vida y de trabajo dignas. Rememora tambi\u00e9n las injusticias sociales y laborales que a\u00fan perduran. Mientras los derechos laborales de millones de mujeres y hombres sigan siendo vulnerados en cualquier parte del mundo, su sentido originario seguir\u00e1 vigente.<\/p>\n<p>Extra\u00eddo de: <a href=\"https:\/\/continuemosestudiando.abc.gob.ar\/contenido\/pensar-el-1-de-mayo\/\"><span style=\"font-weight: 400;\">Pensar el 1\u00b0 de Mayo \u2013 Continuemos estudiando<\/span><\/a><\/p>\n<p>Invitamos a toda la comunidad educativa a conmemorar esta fecha relevante para todas\/os y analizar su continuidad en las reivindicaciones de las trabajadoras y los trabajadores.<\/p>\n<p>\u00a1Buen fin de semana!<br \/>\nEquipo Directivo y de Conducci\u00f3n CMBB<\/p>\n","protected":false},"excerpt":{"rendered":"<p>El 1\u00b0 de Mayo constituye una fecha sumamente importante porque se conmemora el D\u00eda Internacional de las Trabajadoras y los Trabajadores. Esta jornada hist\u00f3rica tiene dos particularidades que podemos destacar: su car\u00e1cter internacional, por un lado, dado que personas de diferentes etnias, religiones y nacionalidades adhieren a esta fecha en m\u00e1s de cien pa\u00edses en &#8230; <a title=\"1\u00b0 DE MAYO D\u00cdA INTERNACIONAL DE LAS TRABAJADORAS Y LOS TRABAJADORES\" class=\"read-more\" href=\"https:\/\/cbblanca-bue.infd.edu.ar\/sitio\/01-05-26-dia-internacional-de-las-trabajadoras-y-los-trabajadores\/\" aria-label=\"More on 1\u00b0 DE MAYO D\u00cdA INTERNACIONAL DE LAS TRABAJADORAS Y LOS TRABAJADORES\">[+]<\/a><\/p>\n","protected":false},"author":7698,"featured_media":5135,"comment_status":"closed","ping_status":"closed","sticky":true,"template":"","format":"standard","meta":[],"categories":[1],"tags":[],"acf":[],"_links":{"self":[{"href":"https:\/\/cbblanca-bue.infd.edu.ar\/sitio\/wp-json\/wp\/v2\/posts\/5134"}],"collection":[{"href":"https:\/\/cbblanca-bue.infd.edu.ar\/sitio\/wp-json\/wp\/v2\/posts"}],"about":[{"href":"https:\/\/cbblanca-bue.infd.edu.ar\/sitio\/wp-json\/wp\/v2\/types\/post"}],"author":[{"embeddable":true,"href":"https:\/\/cbblanca-bue.infd.edu.ar\/sitio\/wp-json\/wp\/v2\/users\/7698"}],"replies":[{"embeddable":true,"href":"https:\/\/cbblanca-bue.infd.edu.ar\/sitio\/wp-json\/wp\/v2\/comments?post=5134"}],"version-history":[{"count":4,"href":"https:\/\/cbblanca-bue.infd.edu.ar\/sitio\/wp-json\/wp\/v2\/posts\/5134\/revisions"}],"predecessor-version":[{"id":5140,"href":"https:\/\/cbblanca-bue.infd.edu.ar\/sitio\/wp-json\/wp\/v2\/posts\/5134\/revisions\/5140"}],"wp:featuredmedia":[{"embeddable":true,"href":"https:\/\/cbblanca-bue.infd.edu.ar\/sitio\/wp-json\/wp\/v2\/media\/5135"}],"wp:attachment":[{"href":"https:\/\/cbblanca-bue.infd.edu.ar\/sitio\/wp-json\/wp\/v2\/media?parent=5134"}],"wp:term":[{"taxonomy":"category","embeddable":true,"href":"https:\/\/cbblanca-bue.infd.edu.ar\/sitio\/wp-json\/wp\/v2\/categories?post=5134"},{"taxonomy":"post_tag","embeddable":true,"href":"https:\/\/cbblanca-bue.infd.edu.ar\/sitio\/wp-json\/wp\/v2\/tags?post=5134"}],"curies":[{"name":"wp","href":"https:\/\/api.w.org\/{rel}","templated":true}]}}