{"id":3796,"date":"2024-11-08T15:15:12","date_gmt":"2024-11-08T18:15:12","guid":{"rendered":"https:\/\/cbblanca-bue.infd.edu.ar\/sitio\/?p=3796"},"modified":"2025-03-28T09:11:00","modified_gmt":"2025-03-28T12:11:00","slug":"acto-y-concierto-de-cierre-del-ciclo-lectivo-cmbb-2024","status":"publish","type":"post","link":"https:\/\/cbblanca-bue.infd.edu.ar\/sitio\/acto-y-concierto-de-cierre-del-ciclo-lectivo-cmbb-2024\/","title":{"rendered":"ACTO Y CONCIERTO DE CIERRE DEL CICLO LECTIVO CMBB 2024"},"content":{"rendered":"\n<p>El Conservatorio de M\u00fasica de Bah\u00eda Blanca te invita a participar del ACTO Y CONCIERTO DE FIN DE CICLO 2024, oportunidad de encuentro para compartir con toda la comunidad educativa un momento de celebraci\u00f3n y m\u00fasica.<\/p>\n\n\n\n<hr class=\"wp-block-separator has-alpha-channel-opacity\"\/>\n\n\n\n<p class=\"has-text-align-center has-large-font-size\"><strong><em>Lunes 25 de noviembre., 18 hs.<\/em><\/strong><\/p>\n\n\n\n<p class=\"has-text-align-center has-medium-font-size\">Aula Magna UNS (Av. Col\u00f3n 80)<br>ACCESO LIBRE Y GRATUITO<\/p>\n\n\n\n<hr class=\"wp-block-separator has-alpha-channel-opacity\"\/>\n\n\n\n<ul>\n<li>Acto protocolar y palabras institucionales.<\/li>\n\n\n\n<li>Conjuntos de C\u00e1mara: Milton Correa &#8211; voz; Natasha Pintos &#8211; viol\u00edn; Emanuel Medori &#8211; piano; Paula de Fulop &#8211; voz; Didier Munyau &#8211; viola.<\/li>\n\n\n\n<li>Ensamble de Flautas \u201cLars Nilsson\u201d, coordinaci\u00f3n Prof. Paula Oyhamburo, direcci\u00f3n Prof. Claudio Gonz\u00e1lez. <\/li>\n<\/ul>\n\n\n\n<p>Concierto realizado con el apoyo de la Cooperadora del CMBB y la Secretar\u00eda General de Cultura y Extensi\u00f3n Universitaria de la UNS.<\/p>\n","protected":false},"excerpt":{"rendered":"<p>El Conservatorio de M\u00fasica de Bah\u00eda Blanca te invita a participar del ACTO Y CONCIERTO DE FIN DE CICLO 2024, oportunidad de encuentro para compartir con toda la comunidad educativa un momento de celebraci\u00f3n y m\u00fasica. Lunes 25 de noviembre., 18 hs. Aula Magna UNS (Av. Col\u00f3n 80)ACCESO LIBRE Y GRATUITO Concierto realizado con el &#8230; <a title=\"ACTO Y CONCIERTO DE CIERRE DEL CICLO LECTIVO CMBB 2024\" class=\"read-more\" href=\"https:\/\/cbblanca-bue.infd.edu.ar\/sitio\/acto-y-concierto-de-cierre-del-ciclo-lectivo-cmbb-2024\/\" aria-label=\"More on ACTO Y CONCIERTO DE CIERRE DEL CICLO LECTIVO CMBB 2024\">[+]<\/a><\/p>\n","protected":false},"author":5656,"featured_media":3837,"comment_status":"open","ping_status":"open","sticky":false,"template":"","format":"standard","meta":[],"categories":[64,7,6],"tags":[57,32,41],"acf":[],"_links":{"self":[{"href":"https:\/\/cbblanca-bue.infd.edu.ar\/sitio\/wp-json\/wp\/v2\/posts\/3796"}],"collection":[{"href":"https:\/\/cbblanca-bue.infd.edu.ar\/sitio\/wp-json\/wp\/v2\/posts"}],"about":[{"href":"https:\/\/cbblanca-bue.infd.edu.ar\/sitio\/wp-json\/wp\/v2\/types\/post"}],"author":[{"embeddable":true,"href":"https:\/\/cbblanca-bue.infd.edu.ar\/sitio\/wp-json\/wp\/v2\/users\/5656"}],"replies":[{"embeddable":true,"href":"https:\/\/cbblanca-bue.infd.edu.ar\/sitio\/wp-json\/wp\/v2\/comments?post=3796"}],"version-history":[{"count":3,"href":"https:\/\/cbblanca-bue.infd.edu.ar\/sitio\/wp-json\/wp\/v2\/posts\/3796\/revisions"}],"predecessor-version":[{"id":3834,"href":"https:\/\/cbblanca-bue.infd.edu.ar\/sitio\/wp-json\/wp\/v2\/posts\/3796\/revisions\/3834"}],"wp:featuredmedia":[{"embeddable":true,"href":"https:\/\/cbblanca-bue.infd.edu.ar\/sitio\/wp-json\/wp\/v2\/media\/3837"}],"wp:attachment":[{"href":"https:\/\/cbblanca-bue.infd.edu.ar\/sitio\/wp-json\/wp\/v2\/media?parent=3796"}],"wp:term":[{"taxonomy":"category","embeddable":true,"href":"https:\/\/cbblanca-bue.infd.edu.ar\/sitio\/wp-json\/wp\/v2\/categories?post=3796"},{"taxonomy":"post_tag","embeddable":true,"href":"https:\/\/cbblanca-bue.infd.edu.ar\/sitio\/wp-json\/wp\/v2\/tags?post=3796"}],"curies":[{"name":"wp","href":"https:\/\/api.w.org\/{rel}","templated":true}]}}