{"id":3681,"date":"2024-06-26T09:05:25","date_gmt":"2024-06-26T12:05:25","guid":{"rendered":"https:\/\/cbblanca-bue.infd.edu.ar\/sitio\/?p=3681"},"modified":"2024-07-30T15:30:34","modified_gmt":"2024-07-30T18:30:34","slug":"ensambles-en-concierto-2","status":"publish","type":"post","link":"https:\/\/cbblanca-bue.infd.edu.ar\/sitio\/ensambles-en-concierto-2\/","title":{"rendered":"ENSAMBLES EN CONCIERTO"},"content":{"rendered":"\n<h4 class=\"wp-block-heading has-accent-color has-text-color\"><em>Concierto de los Ensambles y Espacios Curriculares del Conservatorio de M\u00fasica de Bah\u00eda Blanca<\/em><\/h4>\n\n\n\n<p>Con motivo del cierre de la primera parte del ciclo lectivo 2024 y previo al receso invernal, se realizar\u00e1 un encuentro musical en el que se presentar\u00e1n las producciones art\u00edsticas de los Ensambles (proyectos de extensi\u00f3n) y Espacios Curriculares del Conservatorio de M\u00fasica de Bah\u00eda Blanca, con un gran despliegue de agrupaciones y variedad de estilos musicales:<\/p>\n\n\n\n<ul>\n<li>Coro InEstable; Prof. Germ\u00e1n Falcioni<\/li>\n\n\n\n<li>Ensamble de Saxos FOBA;  Prof. Roc\u00edo Migueles<\/li>\n\n\n\n<li>C\u00e1tedra de Canto \u2013 M\u00fasica Popular; Profs. Otero y Biondo<\/li>\n\n\n\n<li>Ensamble de Guitarras de Nivel Superior; Prof. Hern\u00e1n Mouro<\/li>\n\n\n\n<li>Ensamble Cuerdas FOBA; Prof. Fernando Duarte<\/li>\n\n\n\n<li>Ensamble de Vientos y Percusi\u00f3n FOBA y Nivel Superior; Prof. Claudio Gonz\u00e1lez<\/li>\n<\/ul>\n\n\n\n<div class=\"wp-block-group is-layout-constrained\"><div class=\"wp-block-group__inner-container\">\n<p class=\"has-text-align-center has-medium-font-size\"><strong>MI\u00c9RCOLES 3 DE JULIO, 21 hs.<\/strong><\/p>\n\n\n\n<p class=\"has-text-align-center has-medium-font-size\"><em>Concierto realizado con el apoyo de la Cooperadora del CMBB.<\/em> <em>Lo recaudado ser\u00e1 destinado para la Cooperadora.<\/em><\/p>\n\n\n\n<p class=\"has-text-align-center\"><strong>P\u00fablico dirigido:<\/strong> comunidad educativa y p\u00fablico en general<\/p>\n<\/div><\/div>\n\n\n\n<p class=\"has-medium-font-size\"><strong>ENTRADAS<\/strong><\/p>\n\n\n\n<p>Las entradas pueden adquirirse por los siguientes medios:<\/p>\n\n\n\n<p><strong>Online:<\/strong> <a rel=\"noreferrer noopener\" href=\"https:\/\/entradauno.com\/landing\/13706-ensambles-en-concierto---concierto-de-los-ensambles-y-espacios-curriculares-del-conservatorio-de-musica-de-bahia-blanca?idEspectaculoCartel=13706&amp;cHashValidacion=3878413a725d378c1cc66f76a316417e77d18ce8\" target=\"_blank\"><em>ingresando aqu\u00ed<\/em><\/a><\/p>\n\n\n\n<p><strong>Boleter\u00eda del Teatro<\/strong><br>De martes a domingos de 17:30 a 20:30 horas<br>Alsina 425 \u2013 ingreso por Plaza Payr\u00f3 \u2013<br>* En boleter\u00eda del Teatro se puede abonar con efectivo, tarjeta de d\u00e9bito o cr\u00e9dito. Por el momento no se aceptan billeteras virtuales<\/p>\n\n\n\n<p><strong>Precio<\/strong><br>Entrada general: $2000; numeradas<\/p>\n\n\n\n<p><strong>Promociones<\/strong><br>Socios de la Cooperadora del Conservatorio: $1500<br>* Las promociones son solo por boleter\u00eda del teatro<\/p>\n","protected":false},"excerpt":{"rendered":"<p>Con motivo del cierre de la primera parte del ciclo lectivo 2024 y previo al receso invernal, se realizar\u00e1 un encuentro musical en el que se presentar\u00e1n las producciones art\u00edsticas de los Ensambles (proyectos de extensi\u00f3n) y Espacios Curriculares del Conservatorio de M\u00fasica de Bah\u00eda Blanca.<\/p>\n","protected":false},"author":5656,"featured_media":3682,"comment_status":"open","ping_status":"open","sticky":false,"template":"","format":"standard","meta":[],"categories":[64,31,6],"tags":[27,57,32,41,26],"acf":[],"_links":{"self":[{"href":"https:\/\/cbblanca-bue.infd.edu.ar\/sitio\/wp-json\/wp\/v2\/posts\/3681"}],"collection":[{"href":"https:\/\/cbblanca-bue.infd.edu.ar\/sitio\/wp-json\/wp\/v2\/posts"}],"about":[{"href":"https:\/\/cbblanca-bue.infd.edu.ar\/sitio\/wp-json\/wp\/v2\/types\/post"}],"author":[{"embeddable":true,"href":"https:\/\/cbblanca-bue.infd.edu.ar\/sitio\/wp-json\/wp\/v2\/users\/5656"}],"replies":[{"embeddable":true,"href":"https:\/\/cbblanca-bue.infd.edu.ar\/sitio\/wp-json\/wp\/v2\/comments?post=3681"}],"version-history":[{"count":3,"href":"https:\/\/cbblanca-bue.infd.edu.ar\/sitio\/wp-json\/wp\/v2\/posts\/3681\/revisions"}],"predecessor-version":[{"id":3699,"href":"https:\/\/cbblanca-bue.infd.edu.ar\/sitio\/wp-json\/wp\/v2\/posts\/3681\/revisions\/3699"}],"wp:featuredmedia":[{"embeddable":true,"href":"https:\/\/cbblanca-bue.infd.edu.ar\/sitio\/wp-json\/wp\/v2\/media\/3682"}],"wp:attachment":[{"href":"https:\/\/cbblanca-bue.infd.edu.ar\/sitio\/wp-json\/wp\/v2\/media?parent=3681"}],"wp:term":[{"taxonomy":"category","embeddable":true,"href":"https:\/\/cbblanca-bue.infd.edu.ar\/sitio\/wp-json\/wp\/v2\/categories?post=3681"},{"taxonomy":"post_tag","embeddable":true,"href":"https:\/\/cbblanca-bue.infd.edu.ar\/sitio\/wp-json\/wp\/v2\/tags?post=3681"}],"curies":[{"name":"wp","href":"https:\/\/api.w.org\/{rel}","templated":true}]}}