{"id":3213,"date":"2023-03-10T09:47:05","date_gmt":"2023-03-10T12:47:05","guid":{"rendered":"https:\/\/cbblanca-bue.infd.edu.ar\/sitio\/?p=3213"},"modified":"2023-03-10T09:47:06","modified_gmt":"2023-03-10T12:47:06","slug":"charla-informativa-para-ingresantes-a-carreras","status":"publish","type":"post","link":"https:\/\/cbblanca-bue.infd.edu.ar\/sitio\/charla-informativa-para-ingresantes-a-carreras\/","title":{"rendered":"Charla informativa para ingresantes a carreras"},"content":{"rendered":"\n<p>El pr\u00f3ximo jueves 16, a las 10 horas, se realizar\u00e1 en la sede Lamadrid una charla informativa para estudiantes de profesorados y tecnicaturas interesados en hacer el ingreso a primer a\u00f1o de las carreras en el Conservatorio de M\u00fasica de Bah\u00eda Blanca. Estar\u00e1 a cargo de los Jefes de \u00c1rea Roc\u00edo Migueles y Juli\u00e1n Mansilla.<\/p>\n\n\n\n<p>Durante el encuentro se brindar\u00e1 informaci\u00f3n acerca de la oferta educativa del Conservatorio, los requisitos de ingreso, el proceso de inscripci\u00f3n y todo lo que necesita saber el estudiante ingresante a primer a\u00f1o de carreras.<\/p>\n\n\n\n<p>+info: <a href=\"https:\/\/cbblanca-bue.infd.edu.ar\/sitio\/carreras?fbclid=IwAR2xeW5HgMJbZ3oHqoiR-oWfGu6HMMVfXsXGwXvDVl8tHwztnFezpuJxJKk\" rel=\"noreferrer noopener\" target=\"_blank\">https:\/\/cbblanca-bue.infd.edu.ar\/sitio\/carreras<\/a><\/p>\n\n\n\n<p>\u00a1Te esperamos!<\/p>\n\n\n\n<p><a href=\"https:\/\/business.facebook.com\/conserbb\/photos\/a.430777569458\/10161075102304459\/?type=3&amp;av=232868144458&amp;eav=AfaHyht_QqlZp78uKntyoVk6OTGhrUIR5sf8HLovbPMHV4iBlmrehao9hbQM9heBzXg&amp;__cft__[0]=AZUUW5ncrYjBpgM5Tn-svCq6kCfPRll4i2cKxSzCARlhyoSbKxM-0ezb-RljBpOFtVCAmxkGSaz9Gg8_wvPL7yyDm9rI51OijeQfCfa3QdbK8-HGyX4WMLPjfPLA46bGG3S7qNZH2S4I7V6i9vpdX7Pf6fjeJgIkDolGazO24ztZkQ&amp;__tn__=EH-R\" target=\"_blank\" rel=\"noreferrer noopener\"><\/a><\/p>\n","protected":false},"excerpt":{"rendered":"<p>El pr\u00f3ximo jueves 16, a las 10 horas, se realizar\u00e1 en la sede Lamadrid una charla informativa para estudiantes de profesorados y tecnicaturas interesados en hacer el ingreso a primer a\u00f1o de las carreras en el Conservatorio de M\u00fasica de Bah\u00eda Blanca. Estar\u00e1 a cargo de los Jefes de \u00c1rea Roc\u00edo Migueles y Juli\u00e1n Mansilla. &#8230; <a title=\"Charla informativa para ingresantes a carreras\" class=\"read-more\" href=\"https:\/\/cbblanca-bue.infd.edu.ar\/sitio\/charla-informativa-para-ingresantes-a-carreras\/\" aria-label=\"More on Charla informativa para ingresantes a carreras\">[+]<\/a><\/p>\n","protected":false},"author":5656,"featured_media":3214,"comment_status":"open","ping_status":"open","sticky":false,"template":"","format":"standard","meta":[],"categories":[23,6],"tags":[27,28,41,24],"acf":[],"_links":{"self":[{"href":"https:\/\/cbblanca-bue.infd.edu.ar\/sitio\/wp-json\/wp\/v2\/posts\/3213"}],"collection":[{"href":"https:\/\/cbblanca-bue.infd.edu.ar\/sitio\/wp-json\/wp\/v2\/posts"}],"about":[{"href":"https:\/\/cbblanca-bue.infd.edu.ar\/sitio\/wp-json\/wp\/v2\/types\/post"}],"author":[{"embeddable":true,"href":"https:\/\/cbblanca-bue.infd.edu.ar\/sitio\/wp-json\/wp\/v2\/users\/5656"}],"replies":[{"embeddable":true,"href":"https:\/\/cbblanca-bue.infd.edu.ar\/sitio\/wp-json\/wp\/v2\/comments?post=3213"}],"version-history":[{"count":1,"href":"https:\/\/cbblanca-bue.infd.edu.ar\/sitio\/wp-json\/wp\/v2\/posts\/3213\/revisions"}],"predecessor-version":[{"id":3215,"href":"https:\/\/cbblanca-bue.infd.edu.ar\/sitio\/wp-json\/wp\/v2\/posts\/3213\/revisions\/3215"}],"wp:featuredmedia":[{"embeddable":true,"href":"https:\/\/cbblanca-bue.infd.edu.ar\/sitio\/wp-json\/wp\/v2\/media\/3214"}],"wp:attachment":[{"href":"https:\/\/cbblanca-bue.infd.edu.ar\/sitio\/wp-json\/wp\/v2\/media?parent=3213"}],"wp:term":[{"taxonomy":"category","embeddable":true,"href":"https:\/\/cbblanca-bue.infd.edu.ar\/sitio\/wp-json\/wp\/v2\/categories?post=3213"},{"taxonomy":"post_tag","embeddable":true,"href":"https:\/\/cbblanca-bue.infd.edu.ar\/sitio\/wp-json\/wp\/v2\/tags?post=3213"}],"curies":[{"name":"wp","href":"https:\/\/api.w.org\/{rel}","templated":true}]}}