{"id":2999,"date":"2022-07-11T11:18:34","date_gmt":"2022-07-11T14:18:34","guid":{"rendered":"https:\/\/cbblanca-bue.infd.edu.ar\/sitio\/?p=2999"},"modified":"2022-07-11T11:18:36","modified_gmt":"2022-07-11T14:18:36","slug":"nueva-edicion-de-che-bandoneon","status":"publish","type":"post","link":"https:\/\/cbblanca-bue.infd.edu.ar\/sitio\/nueva-edicion-de-che-bandoneon\/","title":{"rendered":"Nueva edici\u00f3n de \u00ab\u00a1Che, bandone\u00f3n!\u00bb"},"content":{"rendered":"\n<p>El pr\u00f3ximo jueves 14 de julio se celebrar\u00e1 la decimosegunda edici\u00f3n de \u00ab\u00a1Che, bandone\u00f3n!\u00bb, que organiza la c\u00e1tedra de bandone\u00f3n de nuestra instituci\u00f3n con el apoyo de la ordenanza de eventos permanentes (Instituto Cultural de Bah\u00eda Blanca), la Secretar\u00eda de Extensi\u00f3n de la UNS, Bandoneones Bah\u00eda Blanca y Bandomecum. Ser\u00e1 en el Teatro Municipal desde las 20.30 horas. La entrada general fue fijada en $800 y se puede obtener por boleter\u00eda del teatro, Alsina 425, de martes a domingos de 17 a 20, o a trav\u00e9s de <a rel=\"noreferrer noopener\" href=\"https:\/\/urlis.net\/o7vrw\" target=\"_blank\">entradauno.com<\/a><\/p>\n\n\n\n<pre class=\"wp-block-verse\"><em>Parte de lo recaudado ser\u00e1 a beneficio de la c\u00e1tedra y el taller de bandone\u00f3n, espacios gratuitos de ense\u00f1anza y difusi\u00f3n del bandone\u00f3n.<\/em><\/pre>\n\n\n\n<p>Con la participaci\u00f3n especial de LA ORQUESTA DE TANGO DEL NEUQU\u00c9N, el d\u00fao CHAJU junto a FIORELLA GUIDI, el debut de LUCIA PAGELLA y FACUNDO GUANCA y los quintetos DE YAPA y DE PASADA, la noche ser\u00e1 de estrenos y de consagrados.<\/p>\n\n\n\n<p>El cierre como es tradici\u00f3n ser\u00e1 un escenario poblado de bandoneones entre estudiantes y aficionados que demostrar\u00e1n al comp\u00e1s de cl\u00e1sicos que el sur tambi\u00e9n es tango.<\/p>\n","protected":false},"excerpt":{"rendered":"<p>El pr\u00f3ximo jueves 14 de julio se celebrar\u00e1 la decimosegunda edici\u00f3n de \u00ab\u00a1Che, bandone\u00f3n!\u00bb, que organiza la c\u00e1tedra de bandone\u00f3n de nuestra instituci\u00f3n.<\/p>\n","protected":false},"author":5656,"featured_media":3000,"comment_status":"open","ping_status":"open","sticky":false,"template":"","format":"standard","meta":[],"categories":[44,6],"tags":[61,57,47,60],"acf":[],"_links":{"self":[{"href":"https:\/\/cbblanca-bue.infd.edu.ar\/sitio\/wp-json\/wp\/v2\/posts\/2999"}],"collection":[{"href":"https:\/\/cbblanca-bue.infd.edu.ar\/sitio\/wp-json\/wp\/v2\/posts"}],"about":[{"href":"https:\/\/cbblanca-bue.infd.edu.ar\/sitio\/wp-json\/wp\/v2\/types\/post"}],"author":[{"embeddable":true,"href":"https:\/\/cbblanca-bue.infd.edu.ar\/sitio\/wp-json\/wp\/v2\/users\/5656"}],"replies":[{"embeddable":true,"href":"https:\/\/cbblanca-bue.infd.edu.ar\/sitio\/wp-json\/wp\/v2\/comments?post=2999"}],"version-history":[{"count":1,"href":"https:\/\/cbblanca-bue.infd.edu.ar\/sitio\/wp-json\/wp\/v2\/posts\/2999\/revisions"}],"predecessor-version":[{"id":3001,"href":"https:\/\/cbblanca-bue.infd.edu.ar\/sitio\/wp-json\/wp\/v2\/posts\/2999\/revisions\/3001"}],"wp:featuredmedia":[{"embeddable":true,"href":"https:\/\/cbblanca-bue.infd.edu.ar\/sitio\/wp-json\/wp\/v2\/media\/3000"}],"wp:attachment":[{"href":"https:\/\/cbblanca-bue.infd.edu.ar\/sitio\/wp-json\/wp\/v2\/media?parent=2999"}],"wp:term":[{"taxonomy":"category","embeddable":true,"href":"https:\/\/cbblanca-bue.infd.edu.ar\/sitio\/wp-json\/wp\/v2\/categories?post=2999"},{"taxonomy":"post_tag","embeddable":true,"href":"https:\/\/cbblanca-bue.infd.edu.ar\/sitio\/wp-json\/wp\/v2\/tags?post=2999"}],"curies":[{"name":"wp","href":"https:\/\/api.w.org\/{rel}","templated":true}]}}