{"id":2955,"date":"2022-06-21T14:56:52","date_gmt":"2022-06-21T17:56:52","guid":{"rendered":"https:\/\/cbblanca-bue.infd.edu.ar\/sitio\/?p=2955"},"modified":"2022-06-21T14:56:53","modified_gmt":"2022-06-21T17:56:53","slug":"nuevo-ensamble","status":"publish","type":"post","link":"https:\/\/cbblanca-bue.infd.edu.ar\/sitio\/nuevo-ensamble\/","title":{"rendered":"Nuevo ensamble"},"content":{"rendered":"\n<p>Los mi\u00e9rcoles de 18 a 20 tendr\u00e1 lugar en nuestra instituci\u00f3n el trabajo de un nuevo ensamble que se suma a acompa\u00f1ar a los que ya vienen trabajando. Se trata de <strong>BAJO EN BANDA<\/strong>, que estar\u00e1 a cargo del profesor Fabi\u00e1n Zapata.<\/p>\n\n\n\n<p>La iniciativa est\u00e1 destinada a alumnos y alumnas de la Formaci\u00f3n B\u00e1sica de Ni\u00f1os, Ni\u00f1as y Adolescentes que se encuentren cursando a partir de Taller II en adelante.<\/p>\n\n\n\n<p>Para realizar consultas e inscribirte, escrib\u00ed un correo a consercicliomedioytaller@gmail.com<\/p>\n\n\n\n<p>\u00a1No te quedes afuera!<\/p>\n","protected":false},"excerpt":{"rendered":"<p>Los mi\u00e9rcoles de 18 a 20 tendr\u00e1 lugar en nuestra instituci\u00f3n el trabajo de un nuevo ensamble que se suma a acompa\u00f1ar a los que ya vienen trabajando. Se trata de BAJO EN BANDA, que estar\u00e1 a cargo del profesor Fabi\u00e1n Zapata. La iniciativa est\u00e1 destinada a alumnos y alumnas de la Formaci\u00f3n B\u00e1sica de &#8230; <a title=\"Nuevo ensamble\" class=\"read-more\" href=\"https:\/\/cbblanca-bue.infd.edu.ar\/sitio\/nuevo-ensamble\/\" aria-label=\"More on Nuevo ensamble\">[+]<\/a><\/p>\n","protected":false},"author":5656,"featured_media":2957,"comment_status":"open","ping_status":"open","sticky":false,"template":"","format":"standard","meta":[],"categories":[8,49,23,7,6],"tags":[],"acf":[],"_links":{"self":[{"href":"https:\/\/cbblanca-bue.infd.edu.ar\/sitio\/wp-json\/wp\/v2\/posts\/2955"}],"collection":[{"href":"https:\/\/cbblanca-bue.infd.edu.ar\/sitio\/wp-json\/wp\/v2\/posts"}],"about":[{"href":"https:\/\/cbblanca-bue.infd.edu.ar\/sitio\/wp-json\/wp\/v2\/types\/post"}],"author":[{"embeddable":true,"href":"https:\/\/cbblanca-bue.infd.edu.ar\/sitio\/wp-json\/wp\/v2\/users\/5656"}],"replies":[{"embeddable":true,"href":"https:\/\/cbblanca-bue.infd.edu.ar\/sitio\/wp-json\/wp\/v2\/comments?post=2955"}],"version-history":[{"count":1,"href":"https:\/\/cbblanca-bue.infd.edu.ar\/sitio\/wp-json\/wp\/v2\/posts\/2955\/revisions"}],"predecessor-version":[{"id":2958,"href":"https:\/\/cbblanca-bue.infd.edu.ar\/sitio\/wp-json\/wp\/v2\/posts\/2955\/revisions\/2958"}],"wp:featuredmedia":[{"embeddable":true,"href":"https:\/\/cbblanca-bue.infd.edu.ar\/sitio\/wp-json\/wp\/v2\/media\/2957"}],"wp:attachment":[{"href":"https:\/\/cbblanca-bue.infd.edu.ar\/sitio\/wp-json\/wp\/v2\/media?parent=2955"}],"wp:term":[{"taxonomy":"category","embeddable":true,"href":"https:\/\/cbblanca-bue.infd.edu.ar\/sitio\/wp-json\/wp\/v2\/categories?post=2955"},{"taxonomy":"post_tag","embeddable":true,"href":"https:\/\/cbblanca-bue.infd.edu.ar\/sitio\/wp-json\/wp\/v2\/tags?post=2955"}],"curies":[{"name":"wp","href":"https:\/\/api.w.org\/{rel}","templated":true}]}}