{"id":2864,"date":"2022-05-10T13:30:52","date_gmt":"2022-05-10T16:30:52","guid":{"rendered":"https:\/\/cbblanca-bue.infd.edu.ar\/sitio\/?p=2864"},"modified":"2022-05-10T13:30:53","modified_gmt":"2022-05-10T16:30:53","slug":"nueva-asamblea-anual-ordinaria-de-cooperadora","status":"publish","type":"post","link":"https:\/\/cbblanca-bue.infd.edu.ar\/sitio\/nueva-asamblea-anual-ordinaria-de-cooperadora\/","title":{"rendered":"Nueva asamblea anual ordinaria de Cooperadora"},"content":{"rendered":"\n<p>El pr\u00f3ximo jueves 26 de mayo a las 19 horas tendr\u00e1 lugar, en el auditorio de la sede Lamadrid, la Asamblea Anual Ordinaria de nuestra Asociaci\u00f3n Cooperadora. <\/p>\n\n\n\n<p>El temario a tratar se compone de los siguientes puntos:<\/p>\n\n\n\n<ul><li>Consideraci\u00f3n de memoria y balance econ\u00f3mico del ejercicio anterior.<\/li><li>Renovaci\u00f3n de autoridades.<\/li><\/ul>\n\n\n\n<p>La Cooperadora de la instituci\u00f3n realiza una labor constante en el mantenimiento, actualizaci\u00f3n y reparaci\u00f3n de instrumentos, insumos y mobiliarios, por eso es tan importante contar con la presencia de la comunidad del Conservatorio en la asamblea.<\/p>\n\n\n\n<p class=\"has-vivid-red-color has-text-color\">M\u00e1s novedades de la Cooperadora <a href=\"https:\/\/cbblanca-bue.infd.edu.ar\/sitio\/cooperadora\/\" data-type=\"page\" data-id=\"2266\" target=\"_blank\" rel=\"noreferrer noopener\"><strong>cliqueando aqu\u00ed<\/strong><\/a><\/p>\n\n\n\n<p><\/p>\n","protected":false},"excerpt":{"rendered":"<p>El pr\u00f3ximo jueves 26 de mayo a las 19 horas tendr\u00e1 lugar, en el auditorio de la sede Lamadrid, la Asamblea Anual Ordinaria de nuestra Asociaci\u00f3n Cooperadora. El temario a tratar se compone de los siguientes puntos: Consideraci\u00f3n de memoria y balance econ\u00f3mico del ejercicio anterior. Renovaci\u00f3n de autoridades. La Cooperadora de la instituci\u00f3n realiza &#8230; <a title=\"Nueva asamblea anual ordinaria de Cooperadora\" class=\"read-more\" href=\"https:\/\/cbblanca-bue.infd.edu.ar\/sitio\/nueva-asamblea-anual-ordinaria-de-cooperadora\/\" aria-label=\"More on Nueva asamblea anual ordinaria de Cooperadora\">[+]<\/a><\/p>\n","protected":false},"author":5656,"featured_media":2859,"comment_status":"open","ping_status":"open","sticky":false,"template":"","format":"standard","meta":[],"categories":[31,6],"tags":[53,32],"acf":[],"_links":{"self":[{"href":"https:\/\/cbblanca-bue.infd.edu.ar\/sitio\/wp-json\/wp\/v2\/posts\/2864"}],"collection":[{"href":"https:\/\/cbblanca-bue.infd.edu.ar\/sitio\/wp-json\/wp\/v2\/posts"}],"about":[{"href":"https:\/\/cbblanca-bue.infd.edu.ar\/sitio\/wp-json\/wp\/v2\/types\/post"}],"author":[{"embeddable":true,"href":"https:\/\/cbblanca-bue.infd.edu.ar\/sitio\/wp-json\/wp\/v2\/users\/5656"}],"replies":[{"embeddable":true,"href":"https:\/\/cbblanca-bue.infd.edu.ar\/sitio\/wp-json\/wp\/v2\/comments?post=2864"}],"version-history":[{"count":1,"href":"https:\/\/cbblanca-bue.infd.edu.ar\/sitio\/wp-json\/wp\/v2\/posts\/2864\/revisions"}],"predecessor-version":[{"id":2865,"href":"https:\/\/cbblanca-bue.infd.edu.ar\/sitio\/wp-json\/wp\/v2\/posts\/2864\/revisions\/2865"}],"wp:featuredmedia":[{"embeddable":true,"href":"https:\/\/cbblanca-bue.infd.edu.ar\/sitio\/wp-json\/wp\/v2\/media\/2859"}],"wp:attachment":[{"href":"https:\/\/cbblanca-bue.infd.edu.ar\/sitio\/wp-json\/wp\/v2\/media?parent=2864"}],"wp:term":[{"taxonomy":"category","embeddable":true,"href":"https:\/\/cbblanca-bue.infd.edu.ar\/sitio\/wp-json\/wp\/v2\/categories?post=2864"},{"taxonomy":"post_tag","embeddable":true,"href":"https:\/\/cbblanca-bue.infd.edu.ar\/sitio\/wp-json\/wp\/v2\/tags?post=2864"}],"curies":[{"name":"wp","href":"https:\/\/api.w.org\/{rel}","templated":true}]}}