{"id":2799,"date":"2022-03-31T17:45:40","date_gmt":"2022-03-31T20:45:40","guid":{"rendered":"https:\/\/cbblanca-bue.infd.edu.ar\/sitio\/?p=2799"},"modified":"2022-05-03T13:49:30","modified_gmt":"2022-05-03T16:49:30","slug":"instrumento-armonico-se-encuentran-disponibles-los-horarios-en-academia-web","status":"publish","type":"post","link":"https:\/\/cbblanca-bue.infd.edu.ar\/sitio\/instrumento-armonico-se-encuentran-disponibles-los-horarios-en-academia-web\/","title":{"rendered":"Instrumento Arm\u00f3nico: se encuentran disponibles los horarios en Academia Web"},"content":{"rendered":"\n<p>A partir de hoy, 31 de marzo, cada estudiante de Formaci\u00f3n B\u00e1sica y Carreras que se encuentre inscripto en Instrumento Arm\u00f3nico \u00aba designar\u00bb podr\u00e1 elegir d\u00eda, horario y docente para cursar a trav\u00e9s de <a rel=\"noreferrer noopener\" href=\"http:\/\/conserbb.academia.com.ar\/\" target=\"_blank\">http:\/\/conserbb.academia.com.ar\/<\/a><\/p>\n\n\n\n<h5 class=\"wp-block-heading\"><span class=\"has-inline-color has-vivid-red-color\">A continuaci\u00f3n, detallamos la modalidad para la designaci\u00f3n de d\u00eda. horario y docente.<\/span><\/h5>\n\n\n\n<ul><li>Los alumnos que cursaron el per\u00edodo de \u201cintensificaci\u00f3n de los aprendizajes\u201d en materias correlativas con la materia instrumento arm\u00f3nico ya han sido calificados y podr\u00e1n inscribirse desde Academia web (Mi Legajo) <a rel=\"noreferrer noopener\" href=\"https:\/\/conserbb.academia.com.ar\/\" target=\"_blank\">https:\/\/conserbb.academia.com.ar\/<\/a> Si surge alg\u00fan inconveniente, realizar el tr\u00e1mite a trav\u00e9s del Jefe de \u00c1rea correspondiente.<\/li><li>Los alumnos regulares que a\u00fan no se han inscripto deben realizar el tr\u00e1mite desde Academia web (Mi Legajo) <a rel=\"noreferrer noopener\" href=\"https:\/\/conserbb.academia.com.ar\/\" target=\"_blank\">https:\/\/conserbb.academia.com.ar\/<\/a><\/li><li>Los alumnos de 1er a\u00f1o de las carreras que a\u00fan no se han inscripto deben realizar el tr\u00e1mite desde Academia web (Mi Legajo) <a href=\"https:\/\/conserbb.academia.com.ar\/\" target=\"_blank\" rel=\"noreferrer noopener\">https:\/\/conserbb.academia.com.ar\/<\/a> Si surge alg\u00fan inconveniente, realizar el tr\u00e1mite a trav\u00e9s del Jefe de \u00c1rea correspondiente.<\/li><\/ul>\n\n\n\n<h4 class=\"wp-block-heading\"><span class=\"has-inline-color has-vivid-red-color\">PROCEDIMIENTO<\/span><\/h4>\n\n\n\n<p>1- Ingres\u00e1 a Academia web (Mi Legajo) <a rel=\"noreferrer noopener\" href=\"https:\/\/conserbb.academia.com.ar\/\" target=\"_blank\">https:\/\/conserbb.academia.com.ar\/<\/a><br>2- Hac\u00e9 click en tu inscripci\u00f3n a \u201cInstrumento Arm\u00f3nico\u201d.<br>3- Seleccion\u00e1, en funci\u00f3n de tus necesidades, un horario seg\u00fan la oferta para tu formaci\u00f3n y el cupo disponible.<br>3- Ante inconvenientes para la selecci\u00f3n de horario y profesor en la materia, acercate a la sede Belgrano los lunes de 13.30 a 16, los martes de 16.30 a 19.30 o los jueves de 15.30 a 19, y comunicate con Favio Ar\u00e9valo.  Tambi\u00e9n pod\u00e9s escribir un correo a la Jefa de \u00c1rea de FoBa Ni\u00f1os y Preadolescentes, Mar\u00eda Jos\u00e9 Fern\u00e1ndez Rost. <a href=\"mailto:conserciclomedioytaller@gmail.com\">conserciclomedioytaller@gmail.com<\/a><\/p>\n\n\n\n<pre class=\"wp-block-preformatted\"><strong>Ten\u00e9 en cuenta que las clases inician el pr\u00f3ximo lunes 4 de abril.<\/strong><\/pre>\n","protected":false},"excerpt":{"rendered":"<p>A partir de hoy, 31 de marzo, cada estudiante de Formaci\u00f3n B\u00e1sica y Carreras que se encuentre inscripto en Instrumento Arm\u00f3nico podr\u00e1 elegir d\u00eda, horario y docente para cursar a trav\u00e9s de http:\/\/conserbb.academia.com.ar\/<\/p>\n","protected":false},"author":5656,"featured_media":2800,"comment_status":"open","ping_status":"open","sticky":false,"template":"","format":"standard","meta":[],"categories":[8,23,6],"tags":[27,41,43,25,24,42,40],"acf":[],"_links":{"self":[{"href":"https:\/\/cbblanca-bue.infd.edu.ar\/sitio\/wp-json\/wp\/v2\/posts\/2799"}],"collection":[{"href":"https:\/\/cbblanca-bue.infd.edu.ar\/sitio\/wp-json\/wp\/v2\/posts"}],"about":[{"href":"https:\/\/cbblanca-bue.infd.edu.ar\/sitio\/wp-json\/wp\/v2\/types\/post"}],"author":[{"embeddable":true,"href":"https:\/\/cbblanca-bue.infd.edu.ar\/sitio\/wp-json\/wp\/v2\/users\/5656"}],"replies":[{"embeddable":true,"href":"https:\/\/cbblanca-bue.infd.edu.ar\/sitio\/wp-json\/wp\/v2\/comments?post=2799"}],"version-history":[{"count":2,"href":"https:\/\/cbblanca-bue.infd.edu.ar\/sitio\/wp-json\/wp\/v2\/posts\/2799\/revisions"}],"predecessor-version":[{"id":2802,"href":"https:\/\/cbblanca-bue.infd.edu.ar\/sitio\/wp-json\/wp\/v2\/posts\/2799\/revisions\/2802"}],"wp:featuredmedia":[{"embeddable":true,"href":"https:\/\/cbblanca-bue.infd.edu.ar\/sitio\/wp-json\/wp\/v2\/media\/2800"}],"wp:attachment":[{"href":"https:\/\/cbblanca-bue.infd.edu.ar\/sitio\/wp-json\/wp\/v2\/media?parent=2799"}],"wp:term":[{"taxonomy":"category","embeddable":true,"href":"https:\/\/cbblanca-bue.infd.edu.ar\/sitio\/wp-json\/wp\/v2\/categories?post=2799"},{"taxonomy":"post_tag","embeddable":true,"href":"https:\/\/cbblanca-bue.infd.edu.ar\/sitio\/wp-json\/wp\/v2\/tags?post=2799"}],"curies":[{"name":"wp","href":"https:\/\/api.w.org\/{rel}","templated":true}]}}